{"id":181,"date":"2013-09-11T10:11:40","date_gmt":"2013-09-11T10:11:40","guid":{"rendered":"http:\/\/clem.dii.unisi.it\/~rmt\/?p=181"},"modified":"2013-09-11T10:11:40","modified_gmt":"2013-09-11T10:11:40","slug":"17-incontro-internazionale-dellarmt","status":"publish","type":"post","link":"https:\/\/rmt.diism.unisi.it\/?p=181","title":{"rendered":"17\u00b0 Incontro Internazionale dell&#8217;ARMT"},"content":{"rendered":"<div class=\"article-content\">\n<p><b>17\u00b0 incontro internazionale dell&#8217;A<\/b><b>RMT (<\/b>Luxembourg ville <b>&#8211; LU) 25, 26, 27 ottobre 2013<\/b><\/p>\n<p align=\"center\"><img decoding=\"async\" style=\"float: left; border-width: 2px; border-style: none; margin: 5px;\" alt=\"\" src=\"http:\/\/www.armtint.org\/sito\/images\/stories\/luxemb.png\" width=\"350\" \/><i>Analisi a priori, analisi a posteriori<br \/>\n<\/i><i>Un percorso circolare<\/i><\/p>\n<p>Un problema del RMT \u00e8 il frutto di una lunga elaborazione, in diverse fasi, accompagnata da riflessioni, scambi e analisi \u201cpreliminari\u201d prima della sua presentazione agli allievi nel corso della preparazione di una prova.<\/p>\n<p>Da un\u2019idea iniziale, analizzata dal punto di vista del suo interesse matematico, della sua adeguatezza e della sua accessibilit\u00e0 agli allievi, alle proposte di utilizzazioni didattiche del problema messe in evidenza dall\u2019analisi degli elaborati relativi ad una prova, il cammino \u00e8 lungo.<\/p>\n<p>Vent\u2019anni di esperienza hanno fatto sorgere numerose domande ancora in sospeso e criteri da precisare, alcuni dei quali potranno essere affrontati nell\u2019ambito dell\u2019incontro.<\/p>\n<p>Quali saperi devono essere mobilitati? Quali concetti vanno approcciati? A quali livelli di elaborazione?<\/p>\n<p>Come migliorare la stesura del \u201ccompito dell\u2019allievo\u201d, rubrica della nostra analisi a priori? Sono spesso troppo marcati gli scarti tra le nostre ipotesi sulle procedure o le strategie degli allievi e ci\u00f2 che mostrano i loro elaborati. C\u2019\u00e8 molto da imparare su tale argomento dalle nostre analisi a posteriori svolte da numerosi anni.<\/p>\n<p>L\u2019analisi a posteriori pu\u00f2 sembrare un punto di arrivo visto che permette di inficiare o di confermare certe ipotesi dell\u2019analisi a priori. La vita del problema, per\u00f2, va ben al di l\u00e0, come una delle finalit\u00e0 del RMT esige: proporlo, laddove si riveli interessante, per una utilizzazione in classe.<\/p>\n<p>L\u2019analisi a posteriori apre altre piste di riflessione e altre nuove ipotesi a proposito dei livelli di costruzione dei concetti approcciati. Per verificarle, bisogner\u00e0 elaborare nuovi problemi sullo stesso tema, tenendo conto delle analisi precedenti.<\/p>\n<p>C\u2019\u00e8 un percorso ciclico del problema, indotto naturalmente dal confronto fra le analisi a priori e quelle a posteriori.<\/p>\n<p>L\u2019incontro dovrebbe poter chiarire alcune delle domande sollevate da questo percorso circolare.<\/p>\n<p>Sede dell&#8217;incontro: Forum Geessekn\u00e4ppchen a Luxembourg ville (LU)<\/p>\n<p>Date dell&#8217;incontro: 25, 26, 27 ottobre 2013<\/p>\n<p>Comitato d&#8217;organizzazione: Laurent Pater, Jean-Marc Porco<\/p>\n<p>Coordinazione internazionale: \u2028Lucia Grugnetti (I), Coordinatrice internazionale ARMT, Laurent Pater (LU), Coordinatore internazionale ARMT<\/p>\n<\/div>\n","protected":false},"excerpt":{"rendered":"<p>17\u00b0 incontro internazionale dell&#8217;ARMT (Luxembourg ville &#8211; LU) 25, 26, 27 ottobre 2013 Analisi a priori, analisi a posteriori Un percorso circolare Un problema del RMT \u00e8 il frutto di una lunga elaborazione, in diverse fasi, accompagnata da riflessioni, scambi &hellip;<\/p>\n<p class=\"read-more\"> <a class=\"more-link\" href=\"https:\/\/rmt.diism.unisi.it\/?p=181\"> <span class=\"screen-reader-text\">17\u00b0 Incontro Internazionale dell&#8217;ARMT<\/span> Leggi tutto &raquo;<\/a><\/p>\n","protected":false},"author":3,"featured_media":0,"comment_status":"closed","ping_status":"closed","sticky":false,"template":"","format":"standard","meta":{"footnotes":""},"categories":[1],"tags":[],"_links":{"self":[{"href":"https:\/\/rmt.diism.unisi.it\/index.php?rest_route=\/wp\/v2\/posts\/181"}],"collection":[{"href":"https:\/\/rmt.diism.unisi.it\/index.php?rest_route=\/wp\/v2\/posts"}],"about":[{"href":"https:\/\/rmt.diism.unisi.it\/index.php?rest_route=\/wp\/v2\/types\/post"}],"author":[{"embeddable":true,"href":"https:\/\/rmt.diism.unisi.it\/index.php?rest_route=\/wp\/v2\/users\/3"}],"replies":[{"embeddable":true,"href":"https:\/\/rmt.diism.unisi.it\/index.php?rest_route=%2Fwp%2Fv2%2Fcomments&post=181"}],"version-history":[{"count":1,"href":"https:\/\/rmt.diism.unisi.it\/index.php?rest_route=\/wp\/v2\/posts\/181\/revisions"}],"predecessor-version":[{"id":182,"href":"https:\/\/rmt.diism.unisi.it\/index.php?rest_route=\/wp\/v2\/posts\/181\/revisions\/182"}],"wp:attachment":[{"href":"https:\/\/rmt.diism.unisi.it\/index.php?rest_route=%2Fwp%2Fv2%2Fmedia&parent=181"}],"wp:term":[{"taxonomy":"category","embeddable":true,"href":"https:\/\/rmt.diism.unisi.it\/index.php?rest_route=%2Fwp%2Fv2%2Fcategories&post=181"},{"taxonomy":"post_tag","embeddable":true,"href":"https:\/\/rmt.diism.unisi.it\/index.php?rest_route=%2Fwp%2Fv2%2Ftags&post=181"}],"curies":[{"name":"wp","href":"https:\/\/api.w.org\/{rel}","templated":true}]}}